
			
				

					
				

			
		{"items":"\n\t\t\t\t\t\t\t\t\t\t\t\n<article id=\"post-11191\" class=\"wd-post blog-design-chess blog-post-loop blog-design-small-images blog-style-bg wd-add-shadow wd-col post-11191 post type-post status-publish format-standard has-post-thumbnail hentry category-eventos category-noticias-da-bruno-marbella tag-da-bruno-sul-mare\">\n\t<div class=\"article-inner\">\n\t\t<header class=\"entry-header\">\n\t\t\t\t\t\t\t<figure class=\"entry-thumbnail\">\n\t\t\t\t\t\t\t\t\t\t\t<div class=\"post-img-wrapp\">\n\t\t\t\t\t\t\t<a href=\"https:\/\/dabrunomarbella.com\/tributo-a-the-beatles-en-da-bruno-sul-mare-miercoles-4-de-marzo-a-las-2100\/\">\n\t\t\t\t\t\t\t\t<img width=\"804\" height=\"1024\" src=\"https:\/\/dabrunomarbella.com\/wp-content\/themes\/woodmart\/images\/lazy.svg\" class=\"attachment-large size-large\" alt=\"\" decoding=\"async\" srcset=\"\" sizes=\"(max-width: 804px) 100vw, 804px\" data-src=\"https:\/\/dabrunomarbella.com\/wp-content\/uploads\/2026\/03\/unnamed-10-804x1024.jpg\" data-srcset=\"https:\/\/dabrunomarbella.com\/wp-content\/uploads\/2026\/03\/unnamed-10-804x1024.jpg 804w, https:\/\/dabrunomarbella.com\/wp-content\/uploads\/2026\/03\/unnamed-10-235x300.jpg 235w, https:\/\/dabrunomarbella.com\/wp-content\/uploads\/2026\/03\/unnamed-10-768x978.jpg 768w, https:\/\/dabrunomarbella.com\/wp-content\/uploads\/2026\/03\/unnamed-10.jpg 1135w\" \/>\t\t\t\t\t\t\t<\/a>\n\t\t\t\t\t\t<\/div>\n\t\t\t\t\t\t<div class=\"post-image-mask\">\n\t\t\t\t\t\t\t<span><\/span>\n\t\t\t\t\t\t<\/div>\n\t\t\t\t\t\t\t\t\t<\/figure>\n\t\t\t\n\t\t\t\t\t\t<div class=\"wd-post-date wd-style-with-bg\">\n\t\t\t\t<span class=\"post-date-day\">\n\t\t\t\t\t03\t\t\t\t<\/span>\n\t\t\t\t<span class=\"post-date-month\">\n\t\t\t\t\tMar\t\t\t\t<\/span>\n\t\t\t<\/div>\n\t\t\t\t<\/header>\n\n\t\t<div class=\"article-body-container\">\n\t\t\t\t\t\t\t<div class=\"meta-categories-wrapp\">\n\t\t\t\t\t<div class=\"meta-post-categories wd-post-cat wd-style-with-bg\">\n\t\t\t\t\t\t<a href=\"https:\/\/dabrunomarbella.com\/categoria\/eventos\/\" rel=\"category tag\">Eventos<\/a>, <a href=\"https:\/\/dabrunomarbella.com\/categoria\/noticias-da-bruno-marbella\/\" rel=\"category tag\">Noticias Da Bruno Marbella<\/a>\t\t\t\t\t<\/div>\n\t\t\t\t<\/div>\n\t\t\t\n\t\t\t\t\t\t\t<h3 class=\"wd-entities-title title post-title\">\n\t\t\t\t\t<a href=\"https:\/\/dabrunomarbella.com\/tributo-a-the-beatles-en-da-bruno-sul-mare-miercoles-4-de-marzo-a-las-2100\/\" rel=\"bookmark\">Tributo a The Beatles en Da Bruno Sul Mare \u2013 Mi\u00e9rcoles 4 de marzo a las 21:00<\/a>\n\t\t\t\t<\/h3>\n\t\t\t\n\t\t\t\t\t\t\t<div class=\"entry-meta wd-entry-meta\">\n\t\t\t\t\t\t\t\t<ul class=\"entry-meta-list\">\n\t\t\t\t\t\t\t\t\t<li class=\"modified-date\">\n\t\t\t\t\t\t\t\t<time class=\"updated\" datetime=\"2026-03-03T08:28:03+01:00\">\n\t\t\t3 de marzo de 2026\t\t<\/time>\n\t\t\t\t\t\t\t<\/li>\n\n\t\t\t\t\t\n\t\t\t\t\t\t\t\t\t\t\t<li class=\"meta-author\">\n\t\t\t\t\t\t\t\t\t\t\t\t<span>Por<\/span>\n\t\t\n\t\t\t\t\t<img alt='author-avatar' src=\"https:\/\/dabrunomarbella.com\/wp-content\/themes\/woodmart\/images\/lazy.svg\" data-src='https:\/\/secure.gravatar.com\/avatar\/f8facb49467ebb7458261b944062a85aef06498c4c7eb70cd7f6a3ed3332e1b3?s=32&#038;d=wavatar&#038;r=g' srcset=\"\" data-srcset='https:\/\/secure.gravatar.com\/avatar\/f8facb49467ebb7458261b944062a85aef06498c4c7eb70cd7f6a3ed3332e1b3?s=64&#038;d=wavatar&#038;r=g 2x' class='avatar avatar-32 photo' height='32' width='32' decoding='async'\/>\t\t\n\t\t<a href=\"https:\/\/dabrunomarbella.com\/autor\/da-bruno\/\" class=\"author\" rel=\"author\">Da Bruno Marbella<\/a>\n\t\t\t\t\t\t\t\t<\/li>\n\t\t\t\t\t\n\t\t\t\t\t\n\t\t\t\t\t\t\t\t\t\t\t<li class=\"meta-reply\">\n\t\t\t\t\t\t\t<a href=\"https:\/\/dabrunomarbella.com\/tributo-a-the-beatles-en-da-bruno-sul-mare-miercoles-4-de-marzo-a-las-2100\/#respond\"><span class=\"replies-count\">0<\/span> <span class=\"replies-count-label\">Comentarios<\/span><\/a>\t\t\t\t\t\t<\/li>\n\t\t\t\t\t\t\t\t\t\t\t\t<\/ul>\n\t\t\t\t\t\t<\/div>\n\t\t\t\t\t\t\t\t\t<div class=\"hovered-social-icons wd-tltp\">\n\t\t\t\t\t\t<div class=\"tooltip top\">\n\t\t\t\t\t\t\t<div class=\"tooltip-arrow\"><\/div>\n\t\t\t\t\t\t\t<div class=\"tooltip-inner\">\n\t\t\t\t\t\t\t\t\t\t\t<link rel=\"stylesheet\" id=\"wd-social-icons-css\" href=\"https:\/\/dabrunomarbella.com\/wp-content\/themes\/woodmart\/css\/parts\/el-social-icons.min.css?ver=8.1.2\" type=\"text\/css\" media=\"all\" \/> \t\t\t\t\t\t<div id=\"\" class=\" wd-social-icons wd-style-default wd-size-small social-share wd-shape-circle color-scheme-light text-center\">\n\t\t\t\t\n\t\t\t\t\n\t\t\t\t\t\t\t\t\t<a rel=\"noopener noreferrer nofollow\" href=\"https:\/\/www.facebook.com\/sharer\/sharer.php?u=https:\/\/dabrunomarbella.com\/tributo-a-the-beatles-en-da-bruno-sul-mare-miercoles-4-de-marzo-a-las-2100\/\" target=\"_blank\" class=\" wd-social-icon social-facebook\" aria-label=\"Enlace social Facebook\">\n\t\t\t\t\t\t<span class=\"wd-icon\"><\/span>\n\t\t\t\t\t\t\t\t\t\t\t<\/a>\n\t\t\t\t\n\t\t\t\t\t\t\t\t\t<a rel=\"noopener noreferrer nofollow\" href=\"https:\/\/x.com\/share?url=https:\/\/dabrunomarbella.com\/tributo-a-the-beatles-en-da-bruno-sul-mare-miercoles-4-de-marzo-a-las-2100\/\" target=\"_blank\" class=\" wd-social-icon social-twitter\" aria-label=\"Enlace de la red social X\">\n\t\t\t\t\t\t<span class=\"wd-icon\"><\/span>\n\t\t\t\t\t\t\t\t\t\t\t<\/a>\n\t\t\t\t\n\t\t\t\t\n\t\t\t\t\t\t\t\t\t<a rel=\"noopener noreferrer nofollow\" href=\"mailto:?subject=Comprobar%20este%20https:\/\/dabrunomarbella.com\/tributo-a-the-beatles-en-da-bruno-sul-mare-miercoles-4-de-marzo-a-las-2100\/\" target=\"_blank\" class=\" wd-social-icon social-email\" aria-label=\"Enlace social Email\">\n\t\t\t\t\t\t<span class=\"wd-icon\"><\/span>\n\t\t\t\t\t\t\t\t\t\t\t<\/a>\n\t\t\t\t\n\t\t\t\t\n\t\t\t\t\n\t\t\t\t\n\t\t\t\t\t\t\t\t\t<a rel=\"noopener noreferrer nofollow\" href=\"https:\/\/pinterest.com\/pin\/create\/button\/?url=https:\/\/dabrunomarbella.com\/tributo-a-the-beatles-en-da-bruno-sul-mare-miercoles-4-de-marzo-a-las-2100\/&media=https:\/\/dabrunomarbella.com\/wp-content\/uploads\/2026\/03\/unnamed-10.jpg&description=Tributo+a+The+Beatles+en+Da+Bruno+Sul+Mare+%E2%80%93+Mi%C3%A9rcoles+4+de+marzo+a+las+21%3A00\" target=\"_blank\" class=\" wd-social-icon social-pinterest\" aria-label=\"Enlace social Pinterest\">\n\t\t\t\t\t\t<span class=\"wd-icon\"><\/span>\n\t\t\t\t\t\t\t\t\t\t\t<\/a>\n\t\t\t\t\n\t\t\t\t\n\t\t\t\t\t\t\t\t\t<a rel=\"noopener noreferrer nofollow\" href=\"https:\/\/www.linkedin.com\/shareArticle?mini=true&url=https:\/\/dabrunomarbella.com\/tributo-a-the-beatles-en-da-bruno-sul-mare-miercoles-4-de-marzo-a-las-2100\/\" target=\"_blank\" class=\" wd-social-icon social-linkedin\" aria-label=\"Enlace social Linkedin\">\n\t\t\t\t\t\t<span class=\"wd-icon\"><\/span>\n\t\t\t\t\t\t\t\t\t\t\t<\/a>\n\t\t\t\t\n\t\t\t\t\n\t\t\t\t\n\t\t\t\t\n\t\t\t\t\n\t\t\t\t\n\t\t\t\t\n\t\t\t\t\n\t\t\t\t\n\t\t\t\t\t\t\t\t\t<a rel=\"noopener noreferrer nofollow\" href=\"https:\/\/connect.ok.ru\/offer?url=https:\/\/dabrunomarbella.com\/tributo-a-the-beatles-en-da-bruno-sul-mare-miercoles-4-de-marzo-a-las-2100\/\" target=\"_blank\" class=\" wd-social-icon social-ok\" aria-label=\"Enlace social Odnoklassniki\">\n\t\t\t\t\t\t<span class=\"wd-icon\"><\/span>\n\t\t\t\t\t\t\t\t\t\t\t<\/a>\n\t\t\t\t\n\t\t\t\t\t\t\t\t\t<a rel=\"noopener noreferrer nofollow\" href=\"https:\/\/api.whatsapp.com\/send?text=https%3A%2F%2Fdabrunomarbella.com%2Ftributo-a-the-beatles-en-da-bruno-sul-mare-miercoles-4-de-marzo-a-las-2100%2F\" target=\"_blank\" class=\"wd-hide-md  wd-social-icon social-whatsapp\" aria-label=\"Enlace social WhatsApp\">\n\t\t\t\t\t\t<span class=\"wd-icon\"><\/span>\n\t\t\t\t\t\t\t\t\t\t\t<\/a>\n\n\t\t\t\t\t<a rel=\"noopener noreferrer nofollow\" href=\"whatsapp:\/\/send?text=https%3A%2F%2Fdabrunomarbella.com%2Ftributo-a-the-beatles-en-da-bruno-sul-mare-miercoles-4-de-marzo-a-las-2100%2F\" target=\"_blank\" class=\"wd-hide-lg  wd-social-icon social-whatsapp\" aria-label=\"Enlace social WhatsApp\">\n\t\t\t\t\t\t<span class=\"wd-icon\"><\/span>\n\t\t\t\t\t\t\t\t\t\t\t<\/a>\n\t\t\t\t\n\t\t\t\t\t\t\t\t\t<a rel=\"noopener noreferrer nofollow\" href=\"https:\/\/vk.com\/share.php?url=https:\/\/dabrunomarbella.com\/tributo-a-the-beatles-en-da-bruno-sul-mare-miercoles-4-de-marzo-a-las-2100\/&image=https:\/\/dabrunomarbella.com\/wp-content\/uploads\/2026\/03\/unnamed-10.jpg&title=Tributo a The Beatles en Da Bruno Sul Mare \u2013 Mi\u00e9rcoles 4 de marzo a las 21:00\" target=\"_blank\" class=\" wd-social-icon social-vk\" aria-label=\"Enlace social VK\">\n\t\t\t\t\t\t<span class=\"wd-icon\"><\/span>\n\t\t\t\t\t\t\t\t\t\t\t<\/a>\n\t\t\t\t\n\t\t\t\t\n\t\t\t\t\n\t\t\t\t\n\t\t\t\t\n\t\t\t\t\t\t\t\t\t<a rel=\"noopener noreferrer nofollow\" href=\"https:\/\/telegram.me\/share\/url?url=https:\/\/dabrunomarbella.com\/tributo-a-the-beatles-en-da-bruno-sul-mare-miercoles-4-de-marzo-a-las-2100\/\" target=\"_blank\" class=\" wd-social-icon social-tg\" aria-label=\"Enlace social Telegram\">\n\t\t\t\t\t\t<span class=\"wd-icon\"><\/span>\n\t\t\t\t\t\t\t\t\t\t\t<\/a>\n\t\t\t\t\n\t\t\t\t\t\t\t\t\t<a rel=\"noopener noreferrer nofollow\" href=\"viber:\/\/forward?text=https:\/\/dabrunomarbella.com\/tributo-a-the-beatles-en-da-bruno-sul-mare-miercoles-4-de-marzo-a-las-2100\/\" target=\"_blank\" class=\" wd-social-icon social-viber\" aria-label=\"Enlace social Viber\">\n\t\t\t\t\t\t<span class=\"wd-icon\"><\/span>\n\t\t\t\t\t\t\t\t\t\t\t<\/a>\n\t\t\t\t\n\t\t\t<\/div>\n\n\t\t\t\t\t\t\t\t\t<\/div>\n\t\t\t\t\t\t<\/div>\n\t\t\t\t\t<\/div>\n\t\t\t\t\t\t\t\n\t\t\t\t\t\t\t\t\t\t\t\t<div class=\"entry-content wd-post-desc\">\n\t\t\t\t\t\tEl pr\u00f3ximo mi\u00e9rcoles 4 de marzo a las 21:00 horas, el restaurante Da Bruno Sul Mare acoger\u00e1 una velada muy especial con un emocionante ...\t\t\t\t\t<\/div>\n\t\t\t\t\n\t\t\t\t\t\t\t\t\t\t\t\t\t\t<p class=\"read-more-section\">\n\t\t\t\t\t\t<a class=\"btn-read-more more-link\" href=\"https:\/\/dabrunomarbella.com\/tributo-a-the-beatles-en-da-bruno-sul-mare-miercoles-4-de-marzo-a-las-2100\/\">Continuar leyendo<\/a>\t\t\t\t\t<\/p>\n\t\t\t\t\t\t\t\t\t\t\t\t\t<\/div>\n\t<\/div>\n<\/article>\n\n\t\t\t\t\t\t\t\t\t\t\t\n<article id=\"post-11178\" class=\"wd-post blog-design-chess blog-post-loop blog-design-small-images blog-style-bg wd-add-shadow wd-col post-11178 post type-post status-publish format-standard has-post-thumbnail hentry category-noticias-da-bruno-marbella category-da-bruno-express-2\">\n\t<div class=\"article-inner\">\n\t\t<header class=\"entry-header\">\n\t\t\t\t\t\t\t<figure class=\"entry-thumbnail\">\n\t\t\t\t\t\t\t\t\t\t\t<div class=\"post-img-wrapp\">\n\t\t\t\t\t\t\t<a href=\"https:\/\/dabrunomarbella.com\/llega-la-semana-de-la-pizza-a-da-bruno-express-disfruta-tus-favoritas-por-solo-6e\/\">\n\t\t\t\t\t\t\t\t<img width=\"819\" height=\"1024\" src=\"https:\/\/dabrunomarbella.com\/wp-content\/themes\/woodmart\/images\/lazy.svg\" class=\"attachment-large size-large\" alt=\"\" decoding=\"async\" srcset=\"\" sizes=\"(max-width: 819px) 100vw, 819px\" data-src=\"https:\/\/dabrunomarbella.com\/wp-content\/uploads\/2026\/02\/1-819x1024.png\" data-srcset=\"https:\/\/dabrunomarbella.com\/wp-content\/uploads\/2026\/02\/1-819x1024.png 819w, https:\/\/dabrunomarbella.com\/wp-content\/uploads\/2026\/02\/1-240x300.png 240w, https:\/\/dabrunomarbella.com\/wp-content\/uploads\/2026\/02\/1-768x960.png 768w, https:\/\/dabrunomarbella.com\/wp-content\/uploads\/2026\/02\/1.png 1080w\" \/>\t\t\t\t\t\t\t<\/a>\n\t\t\t\t\t\t<\/div>\n\t\t\t\t\t\t<div class=\"post-image-mask\">\n\t\t\t\t\t\t\t<span><\/span>\n\t\t\t\t\t\t<\/div>\n\t\t\t\t\t\t\t\t\t<\/figure>\n\t\t\t\n\t\t\t\t\t\t<div class=\"wd-post-date wd-style-with-bg\">\n\t\t\t\t<span class=\"post-date-day\">\n\t\t\t\t\t23\t\t\t\t<\/span>\n\t\t\t\t<span class=\"post-date-month\">\n\t\t\t\t\tFeb\t\t\t\t<\/span>\n\t\t\t<\/div>\n\t\t\t\t<\/header>\n\n\t\t<div class=\"article-body-container\">\n\t\t\t\t\t\t\t<div class=\"meta-categories-wrapp\">\n\t\t\t\t\t<div class=\"meta-post-categories wd-post-cat wd-style-with-bg\">\n\t\t\t\t\t\t<a href=\"https:\/\/dabrunomarbella.com\/categoria\/noticias-da-bruno-marbella\/\" rel=\"category tag\">Noticias Da Bruno Marbella<\/a>, <a href=\"https:\/\/dabrunomarbella.com\/categoria\/da-bruno-express-2\/\" rel=\"category tag\">da bruno express<\/a>\t\t\t\t\t<\/div>\n\t\t\t\t<\/div>\n\t\t\t\n\t\t\t\t\t\t\t<h3 class=\"wd-entities-title title post-title\">\n\t\t\t\t\t<a href=\"https:\/\/dabrunomarbella.com\/llega-la-semana-de-la-pizza-a-da-bruno-express-disfruta-tus-favoritas-por-solo-6e\/\" rel=\"bookmark\">\u00a1Llega la \u00abSemana de la Pizza\u00bb a Da Bruno Express! Disfruta tus favoritas por solo 6\u20ac<\/a>\n\t\t\t\t<\/h3>\n\t\t\t\n\t\t\t\t\t\t\t<div class=\"entry-meta wd-entry-meta\">\n\t\t\t\t\t\t\t\t<ul class=\"entry-meta-list\">\n\t\t\t\t\t\t\t\t\t<li class=\"modified-date\">\n\t\t\t\t\t\t\t\t<time class=\"updated\" datetime=\"2026-02-23T08:45:37+01:00\">\n\t\t\t23 de febrero de 2026\t\t<\/time>\n\t\t\t\t\t\t\t<\/li>\n\n\t\t\t\t\t\n\t\t\t\t\t\t\t\t\t\t\t<li class=\"meta-author\">\n\t\t\t\t\t\t\t\t\t\t\t\t<span>Por<\/span>\n\t\t\n\t\t\t\t\t<img alt='author-avatar' src=\"https:\/\/dabrunomarbella.com\/wp-content\/themes\/woodmart\/images\/lazy.svg\" data-src='https:\/\/secure.gravatar.com\/avatar\/f8facb49467ebb7458261b944062a85aef06498c4c7eb70cd7f6a3ed3332e1b3?s=32&#038;d=wavatar&#038;r=g' srcset=\"\" data-srcset='https:\/\/secure.gravatar.com\/avatar\/f8facb49467ebb7458261b944062a85aef06498c4c7eb70cd7f6a3ed3332e1b3?s=64&#038;d=wavatar&#038;r=g 2x' class='avatar avatar-32 photo' height='32' width='32' decoding='async'\/>\t\t\n\t\t<a href=\"https:\/\/dabrunomarbella.com\/autor\/da-bruno\/\" class=\"author\" rel=\"author\">Da Bruno Marbella<\/a>\n\t\t\t\t\t\t\t\t<\/li>\n\t\t\t\t\t\n\t\t\t\t\t\n\t\t\t\t\t\t\t\t\t\t\t<li class=\"meta-reply\">\n\t\t\t\t\t\t\t<a href=\"https:\/\/dabrunomarbella.com\/llega-la-semana-de-la-pizza-a-da-bruno-express-disfruta-tus-favoritas-por-solo-6e\/#respond\"><span class=\"replies-count\">0<\/span> <span class=\"replies-count-label\">Comentarios<\/span><\/a>\t\t\t\t\t\t<\/li>\n\t\t\t\t\t\t\t\t\t\t\t\t<\/ul>\n\t\t\t\t\t\t<\/div>\n\t\t\t\t\t\t\t\t\t<div class=\"hovered-social-icons wd-tltp\">\n\t\t\t\t\t\t<div class=\"tooltip top\">\n\t\t\t\t\t\t\t<div class=\"tooltip-arrow\"><\/div>\n\t\t\t\t\t\t\t<div class=\"tooltip-inner\">\n\t\t\t\t\t\t\t\t\t\t\t<div id=\"\" class=\" wd-social-icons wd-style-default wd-size-small social-share wd-shape-circle color-scheme-light text-center\">\n\t\t\t\t\n\t\t\t\t\n\t\t\t\t\t\t\t\t\t<a rel=\"noopener noreferrer nofollow\" href=\"https:\/\/www.facebook.com\/sharer\/sharer.php?u=https:\/\/dabrunomarbella.com\/llega-la-semana-de-la-pizza-a-da-bruno-express-disfruta-tus-favoritas-por-solo-6e\/\" target=\"_blank\" class=\" wd-social-icon social-facebook\" aria-label=\"Enlace social Facebook\">\n\t\t\t\t\t\t<span class=\"wd-icon\"><\/span>\n\t\t\t\t\t\t\t\t\t\t\t<\/a>\n\t\t\t\t\n\t\t\t\t\t\t\t\t\t<a rel=\"noopener noreferrer nofollow\" href=\"https:\/\/x.com\/share?url=https:\/\/dabrunomarbella.com\/llega-la-semana-de-la-pizza-a-da-bruno-express-disfruta-tus-favoritas-por-solo-6e\/\" target=\"_blank\" class=\" wd-social-icon social-twitter\" aria-label=\"Enlace de la red social X\">\n\t\t\t\t\t\t<span class=\"wd-icon\"><\/span>\n\t\t\t\t\t\t\t\t\t\t\t<\/a>\n\t\t\t\t\n\t\t\t\t\n\t\t\t\t\t\t\t\t\t<a rel=\"noopener noreferrer nofollow\" href=\"mailto:?subject=Comprobar%20este%20https:\/\/dabrunomarbella.com\/llega-la-semana-de-la-pizza-a-da-bruno-express-disfruta-tus-favoritas-por-solo-6e\/\" target=\"_blank\" class=\" wd-social-icon social-email\" aria-label=\"Enlace social Email\">\n\t\t\t\t\t\t<span class=\"wd-icon\"><\/span>\n\t\t\t\t\t\t\t\t\t\t\t<\/a>\n\t\t\t\t\n\t\t\t\t\n\t\t\t\t\n\t\t\t\t\n\t\t\t\t\t\t\t\t\t<a rel=\"noopener noreferrer nofollow\" href=\"https:\/\/pinterest.com\/pin\/create\/button\/?url=https:\/\/dabrunomarbella.com\/llega-la-semana-de-la-pizza-a-da-bruno-express-disfruta-tus-favoritas-por-solo-6e\/&media=https:\/\/dabrunomarbella.com\/wp-content\/uploads\/2026\/02\/1.png&description=%C2%A1Llega+la+%C2%ABSemana+de+la+Pizza%C2%BB+a+Da+Bruno+Express%21+Disfruta+tus+favoritas+por+solo+6%E2%82%AC\" target=\"_blank\" class=\" wd-social-icon social-pinterest\" aria-label=\"Enlace social Pinterest\">\n\t\t\t\t\t\t<span class=\"wd-icon\"><\/span>\n\t\t\t\t\t\t\t\t\t\t\t<\/a>\n\t\t\t\t\n\t\t\t\t\n\t\t\t\t\t\t\t\t\t<a rel=\"noopener noreferrer nofollow\" href=\"https:\/\/www.linkedin.com\/shareArticle?mini=true&url=https:\/\/dabrunomarbella.com\/llega-la-semana-de-la-pizza-a-da-bruno-express-disfruta-tus-favoritas-por-solo-6e\/\" target=\"_blank\" class=\" wd-social-icon social-linkedin\" aria-label=\"Enlace social Linkedin\">\n\t\t\t\t\t\t<span class=\"wd-icon\"><\/span>\n\t\t\t\t\t\t\t\t\t\t\t<\/a>\n\t\t\t\t\n\t\t\t\t\n\t\t\t\t\n\t\t\t\t\n\t\t\t\t\n\t\t\t\t\n\t\t\t\t\n\t\t\t\t\n\t\t\t\t\n\t\t\t\t\t\t\t\t\t<a rel=\"noopener noreferrer nofollow\" href=\"https:\/\/connect.ok.ru\/offer?url=https:\/\/dabrunomarbella.com\/llega-la-semana-de-la-pizza-a-da-bruno-express-disfruta-tus-favoritas-por-solo-6e\/\" target=\"_blank\" class=\" wd-social-icon social-ok\" aria-label=\"Enlace social Odnoklassniki\">\n\t\t\t\t\t\t<span class=\"wd-icon\"><\/span>\n\t\t\t\t\t\t\t\t\t\t\t<\/a>\n\t\t\t\t\n\t\t\t\t\t\t\t\t\t<a rel=\"noopener noreferrer nofollow\" href=\"https:\/\/api.whatsapp.com\/send?text=https%3A%2F%2Fdabrunomarbella.com%2Fllega-la-semana-de-la-pizza-a-da-bruno-express-disfruta-tus-favoritas-por-solo-6e%2F\" target=\"_blank\" class=\"wd-hide-md  wd-social-icon social-whatsapp\" aria-label=\"Enlace social WhatsApp\">\n\t\t\t\t\t\t<span class=\"wd-icon\"><\/span>\n\t\t\t\t\t\t\t\t\t\t\t<\/a>\n\n\t\t\t\t\t<a rel=\"noopener noreferrer nofollow\" href=\"whatsapp:\/\/send?text=https%3A%2F%2Fdabrunomarbella.com%2Fllega-la-semana-de-la-pizza-a-da-bruno-express-disfruta-tus-favoritas-por-solo-6e%2F\" target=\"_blank\" class=\"wd-hide-lg  wd-social-icon social-whatsapp\" aria-label=\"Enlace social WhatsApp\">\n\t\t\t\t\t\t<span class=\"wd-icon\"><\/span>\n\t\t\t\t\t\t\t\t\t\t\t<\/a>\n\t\t\t\t\n\t\t\t\t\t\t\t\t\t<a rel=\"noopener noreferrer nofollow\" href=\"https:\/\/vk.com\/share.php?url=https:\/\/dabrunomarbella.com\/llega-la-semana-de-la-pizza-a-da-bruno-express-disfruta-tus-favoritas-por-solo-6e\/&image=https:\/\/dabrunomarbella.com\/wp-content\/uploads\/2026\/02\/1.png&title=\u00a1Llega la \u00abSemana de la Pizza\u00bb a Da Bruno Express! Disfruta tus favoritas por solo 6\u20ac\" target=\"_blank\" class=\" wd-social-icon social-vk\" aria-label=\"Enlace social VK\">\n\t\t\t\t\t\t<span class=\"wd-icon\"><\/span>\n\t\t\t\t\t\t\t\t\t\t\t<\/a>\n\t\t\t\t\n\t\t\t\t\n\t\t\t\t\n\t\t\t\t\n\t\t\t\t\n\t\t\t\t\t\t\t\t\t<a rel=\"noopener noreferrer nofollow\" href=\"https:\/\/telegram.me\/share\/url?url=https:\/\/dabrunomarbella.com\/llega-la-semana-de-la-pizza-a-da-bruno-express-disfruta-tus-favoritas-por-solo-6e\/\" target=\"_blank\" class=\" wd-social-icon social-tg\" aria-label=\"Enlace social Telegram\">\n\t\t\t\t\t\t<span class=\"wd-icon\"><\/span>\n\t\t\t\t\t\t\t\t\t\t\t<\/a>\n\t\t\t\t\n\t\t\t\t\t\t\t\t\t<a rel=\"noopener noreferrer nofollow\" href=\"viber:\/\/forward?text=https:\/\/dabrunomarbella.com\/llega-la-semana-de-la-pizza-a-da-bruno-express-disfruta-tus-favoritas-por-solo-6e\/\" target=\"_blank\" class=\" wd-social-icon social-viber\" aria-label=\"Enlace social Viber\">\n\t\t\t\t\t\t<span class=\"wd-icon\"><\/span>\n\t\t\t\t\t\t\t\t\t\t\t<\/a>\n\t\t\t\t\n\t\t\t<\/div>\n\n\t\t\t\t\t\t\t\t\t<\/div>\n\t\t\t\t\t\t<\/div>\n\t\t\t\t\t<\/div>\n\t\t\t\t\t\t\t\n\t\t\t\t\t\t\t\t\t\t\t\t<div class=\"entry-content wd-post-desc\">\n\t\t\t\t\t\tSi eres de los que piensa que cualquier d\u00eda es bueno para una pizza, prep\u00e1rate, porque esta semana no vas a querer cocinar. En Da Bruno...\t\t\t\t\t<\/div>\n\t\t\t\t\n\t\t\t\t\t\t\t\t\t\t\t\t\t\t<p class=\"read-more-section\">\n\t\t\t\t\t\t<a class=\"btn-read-more more-link\" href=\"https:\/\/dabrunomarbella.com\/llega-la-semana-de-la-pizza-a-da-bruno-express-disfruta-tus-favoritas-por-solo-6e\/\">Continuar leyendo<\/a>\t\t\t\t\t<\/p>\n\t\t\t\t\t\t\t\t\t\t\t\t\t<\/div>\n\t<\/div>\n<\/article>\n\n\t\t\t\t\t\t\t\t\t\t\t\n<article id=\"post-11160\" class=\"wd-post blog-design-chess blog-post-loop blog-design-small-images blog-style-bg wd-add-shadow wd-col post-11160 post type-post status-publish format-standard has-post-thumbnail hentry category-eventos category-noticias-da-bruno-marbella tag-da-bruno-sul-mare tag-marbella\">\n\t<div class=\"article-inner\">\n\t\t<header class=\"entry-header\">\n\t\t\t\t\t\t\t<figure class=\"entry-thumbnail\">\n\t\t\t\t\t\t\t\t\t\t\t<div class=\"post-img-wrapp\">\n\t\t\t\t\t\t\t<a href=\"https:\/\/dabrunomarbella.com\/vuelve-la-magia-de-los-70-tributo-a-abba-en-da-bruno-sul-mare-marbella\/\">\n\t\t\t\t\t\t\t\t<img width=\"690\" height=\"1024\" src=\"https:\/\/dabrunomarbella.com\/wp-content\/themes\/woodmart\/images\/lazy.svg\" class=\"attachment-large size-large\" alt=\"\" decoding=\"async\" srcset=\"\" sizes=\"(max-width: 690px) 100vw, 690px\" data-src=\"https:\/\/dabrunomarbella.com\/wp-content\/uploads\/2026\/02\/abba_tributo-690x1024.png\" data-srcset=\"https:\/\/dabrunomarbella.com\/wp-content\/uploads\/2026\/02\/abba_tributo-690x1024.png 690w, https:\/\/dabrunomarbella.com\/wp-content\/uploads\/2026\/02\/abba_tributo-202x300.png 202w, https:\/\/dabrunomarbella.com\/wp-content\/uploads\/2026\/02\/abba_tributo-768x1140.png 768w, https:\/\/dabrunomarbella.com\/wp-content\/uploads\/2026\/02\/abba_tributo-1035x1536.png 1035w, https:\/\/dabrunomarbella.com\/wp-content\/uploads\/2026\/02\/abba_tributo.png 1136w\" \/>\t\t\t\t\t\t\t<\/a>\n\t\t\t\t\t\t<\/div>\n\t\t\t\t\t\t<div class=\"post-image-mask\">\n\t\t\t\t\t\t\t<span><\/span>\n\t\t\t\t\t\t<\/div>\n\t\t\t\t\t\t\t\t\t<\/figure>\n\t\t\t\n\t\t\t\t\t\t<div class=\"wd-post-date wd-style-with-bg\">\n\t\t\t\t<span class=\"post-date-day\">\n\t\t\t\t\t22\t\t\t\t<\/span>\n\t\t\t\t<span class=\"post-date-month\">\n\t\t\t\t\tFeb\t\t\t\t<\/span>\n\t\t\t<\/div>\n\t\t\t\t<\/header>\n\n\t\t<div class=\"article-body-container\">\n\t\t\t\t\t\t\t<div class=\"meta-categories-wrapp\">\n\t\t\t\t\t<div class=\"meta-post-categories wd-post-cat wd-style-with-bg\">\n\t\t\t\t\t\t<a href=\"https:\/\/dabrunomarbella.com\/categoria\/eventos\/\" rel=\"category tag\">Eventos<\/a>, <a href=\"https:\/\/dabrunomarbella.com\/categoria\/noticias-da-bruno-marbella\/\" rel=\"category tag\">Noticias Da Bruno Marbella<\/a>\t\t\t\t\t<\/div>\n\t\t\t\t<\/div>\n\t\t\t\n\t\t\t\t\t\t\t<h3 class=\"wd-entities-title title post-title\">\n\t\t\t\t\t<a href=\"https:\/\/dabrunomarbella.com\/vuelve-la-magia-de-los-70-tributo-a-abba-en-da-bruno-sul-mare-marbella\/\" rel=\"bookmark\">\u00a1Vuelve la Magia de los 70! Tributo a ABBA en Da Bruno Sul Mare, Marbella<\/a>\n\t\t\t\t<\/h3>\n\t\t\t\n\t\t\t\t\t\t\t<div class=\"entry-meta wd-entry-meta\">\n\t\t\t\t\t\t\t\t<ul class=\"entry-meta-list\">\n\t\t\t\t\t\t\t\t\t<li class=\"modified-date\">\n\t\t\t\t\t\t\t\t<time class=\"updated\" datetime=\"2026-02-23T08:28:21+01:00\">\n\t\t\t23 de febrero de 2026\t\t<\/time>\n\t\t\t\t\t\t\t<\/li>\n\n\t\t\t\t\t\n\t\t\t\t\t\t\t\t\t\t\t<li class=\"meta-author\">\n\t\t\t\t\t\t\t\t\t\t\t\t<span>Por<\/span>\n\t\t\n\t\t\t\t\t<img alt='author-avatar' src=\"https:\/\/dabrunomarbella.com\/wp-content\/themes\/woodmart\/images\/lazy.svg\" data-src='https:\/\/secure.gravatar.com\/avatar\/566537200b8b501467b9d89536b2a55a993fbed08c985bb4556dae66aac67dad?s=32&#038;d=wavatar&#038;r=g' srcset=\"\" data-srcset='https:\/\/secure.gravatar.com\/avatar\/566537200b8b501467b9d89536b2a55a993fbed08c985bb4556dae66aac67dad?s=64&#038;d=wavatar&#038;r=g 2x' class='avatar avatar-32 photo' height='32' width='32' decoding='async'\/>\t\t\n\t\t<a href=\"https:\/\/dabrunomarbella.com\/autor\/juanma\/\" class=\"author\" rel=\"author\">Juanma Ortega<\/a>\n\t\t\t\t\t\t\t\t<\/li>\n\t\t\t\t\t\n\t\t\t\t\t\n\t\t\t\t\t\t\t\t\t\t\t<li class=\"meta-reply\">\n\t\t\t\t\t\t\t<a href=\"https:\/\/dabrunomarbella.com\/vuelve-la-magia-de-los-70-tributo-a-abba-en-da-bruno-sul-mare-marbella\/#respond\"><span class=\"replies-count\">0<\/span> <span class=\"replies-count-label\">Comentarios<\/span><\/a>\t\t\t\t\t\t<\/li>\n\t\t\t\t\t\t\t\t\t\t\t\t<\/ul>\n\t\t\t\t\t\t<\/div>\n\t\t\t\t\t\t\t\t\t<div class=\"hovered-social-icons wd-tltp\">\n\t\t\t\t\t\t<div class=\"tooltip top\">\n\t\t\t\t\t\t\t<div class=\"tooltip-arrow\"><\/div>\n\t\t\t\t\t\t\t<div class=\"tooltip-inner\">\n\t\t\t\t\t\t\t\t\t\t\t<div id=\"\" class=\" wd-social-icons wd-style-default wd-size-small social-share wd-shape-circle color-scheme-light text-center\">\n\t\t\t\t\n\t\t\t\t\n\t\t\t\t\t\t\t\t\t<a rel=\"noopener noreferrer nofollow\" href=\"https:\/\/www.facebook.com\/sharer\/sharer.php?u=https:\/\/dabrunomarbella.com\/vuelve-la-magia-de-los-70-tributo-a-abba-en-da-bruno-sul-mare-marbella\/\" target=\"_blank\" class=\" wd-social-icon social-facebook\" aria-label=\"Enlace social Facebook\">\n\t\t\t\t\t\t<span class=\"wd-icon\"><\/span>\n\t\t\t\t\t\t\t\t\t\t\t<\/a>\n\t\t\t\t\n\t\t\t\t\t\t\t\t\t<a rel=\"noopener noreferrer nofollow\" href=\"https:\/\/x.com\/share?url=https:\/\/dabrunomarbella.com\/vuelve-la-magia-de-los-70-tributo-a-abba-en-da-bruno-sul-mare-marbella\/\" target=\"_blank\" class=\" wd-social-icon social-twitter\" aria-label=\"Enlace de la red social X\">\n\t\t\t\t\t\t<span class=\"wd-icon\"><\/span>\n\t\t\t\t\t\t\t\t\t\t\t<\/a>\n\t\t\t\t\n\t\t\t\t\n\t\t\t\t\t\t\t\t\t<a rel=\"noopener noreferrer nofollow\" href=\"mailto:?subject=Comprobar%20este%20https:\/\/dabrunomarbella.com\/vuelve-la-magia-de-los-70-tributo-a-abba-en-da-bruno-sul-mare-marbella\/\" target=\"_blank\" class=\" wd-social-icon social-email\" aria-label=\"Enlace social Email\">\n\t\t\t\t\t\t<span class=\"wd-icon\"><\/span>\n\t\t\t\t\t\t\t\t\t\t\t<\/a>\n\t\t\t\t\n\t\t\t\t\n\t\t\t\t\n\t\t\t\t\n\t\t\t\t\t\t\t\t\t<a rel=\"noopener noreferrer nofollow\" href=\"https:\/\/pinterest.com\/pin\/create\/button\/?url=https:\/\/dabrunomarbella.com\/vuelve-la-magia-de-los-70-tributo-a-abba-en-da-bruno-sul-mare-marbella\/&media=https:\/\/dabrunomarbella.com\/wp-content\/uploads\/2026\/02\/abba_tributo.png&description=%C2%A1Vuelve+la+Magia+de+los+70%21+Tributo+a+ABBA+en+Da+Bruno+Sul+Mare%2C+Marbella\" target=\"_blank\" class=\" wd-social-icon social-pinterest\" aria-label=\"Enlace social Pinterest\">\n\t\t\t\t\t\t<span class=\"wd-icon\"><\/span>\n\t\t\t\t\t\t\t\t\t\t\t<\/a>\n\t\t\t\t\n\t\t\t\t\n\t\t\t\t\t\t\t\t\t<a rel=\"noopener noreferrer nofollow\" href=\"https:\/\/www.linkedin.com\/shareArticle?mini=true&url=https:\/\/dabrunomarbella.com\/vuelve-la-magia-de-los-70-tributo-a-abba-en-da-bruno-sul-mare-marbella\/\" target=\"_blank\" class=\" wd-social-icon social-linkedin\" aria-label=\"Enlace social Linkedin\">\n\t\t\t\t\t\t<span class=\"wd-icon\"><\/span>\n\t\t\t\t\t\t\t\t\t\t\t<\/a>\n\t\t\t\t\n\t\t\t\t\n\t\t\t\t\n\t\t\t\t\n\t\t\t\t\n\t\t\t\t\n\t\t\t\t\n\t\t\t\t\n\t\t\t\t\n\t\t\t\t\t\t\t\t\t<a rel=\"noopener noreferrer nofollow\" href=\"https:\/\/connect.ok.ru\/offer?url=https:\/\/dabrunomarbella.com\/vuelve-la-magia-de-los-70-tributo-a-abba-en-da-bruno-sul-mare-marbella\/\" target=\"_blank\" class=\" wd-social-icon social-ok\" aria-label=\"Enlace social Odnoklassniki\">\n\t\t\t\t\t\t<span class=\"wd-icon\"><\/span>\n\t\t\t\t\t\t\t\t\t\t\t<\/a>\n\t\t\t\t\n\t\t\t\t\t\t\t\t\t<a rel=\"noopener noreferrer nofollow\" href=\"https:\/\/api.whatsapp.com\/send?text=https%3A%2F%2Fdabrunomarbella.com%2Fvuelve-la-magia-de-los-70-tributo-a-abba-en-da-bruno-sul-mare-marbella%2F\" target=\"_blank\" class=\"wd-hide-md  wd-social-icon social-whatsapp\" aria-label=\"Enlace social WhatsApp\">\n\t\t\t\t\t\t<span class=\"wd-icon\"><\/span>\n\t\t\t\t\t\t\t\t\t\t\t<\/a>\n\n\t\t\t\t\t<a rel=\"noopener noreferrer nofollow\" href=\"whatsapp:\/\/send?text=https%3A%2F%2Fdabrunomarbella.com%2Fvuelve-la-magia-de-los-70-tributo-a-abba-en-da-bruno-sul-mare-marbella%2F\" target=\"_blank\" class=\"wd-hide-lg  wd-social-icon social-whatsapp\" aria-label=\"Enlace social WhatsApp\">\n\t\t\t\t\t\t<span class=\"wd-icon\"><\/span>\n\t\t\t\t\t\t\t\t\t\t\t<\/a>\n\t\t\t\t\n\t\t\t\t\t\t\t\t\t<a rel=\"noopener noreferrer nofollow\" href=\"https:\/\/vk.com\/share.php?url=https:\/\/dabrunomarbella.com\/vuelve-la-magia-de-los-70-tributo-a-abba-en-da-bruno-sul-mare-marbella\/&image=https:\/\/dabrunomarbella.com\/wp-content\/uploads\/2026\/02\/abba_tributo.png&title=\u00a1Vuelve la Magia de los 70! Tributo a ABBA en Da Bruno Sul Mare, Marbella\" target=\"_blank\" class=\" wd-social-icon social-vk\" aria-label=\"Enlace social VK\">\n\t\t\t\t\t\t<span class=\"wd-icon\"><\/span>\n\t\t\t\t\t\t\t\t\t\t\t<\/a>\n\t\t\t\t\n\t\t\t\t\n\t\t\t\t\n\t\t\t\t\n\t\t\t\t\n\t\t\t\t\t\t\t\t\t<a rel=\"noopener noreferrer nofollow\" href=\"https:\/\/telegram.me\/share\/url?url=https:\/\/dabrunomarbella.com\/vuelve-la-magia-de-los-70-tributo-a-abba-en-da-bruno-sul-mare-marbella\/\" target=\"_blank\" class=\" wd-social-icon social-tg\" aria-label=\"Enlace social Telegram\">\n\t\t\t\t\t\t<span class=\"wd-icon\"><\/span>\n\t\t\t\t\t\t\t\t\t\t\t<\/a>\n\t\t\t\t\n\t\t\t\t\t\t\t\t\t<a rel=\"noopener noreferrer nofollow\" href=\"viber:\/\/forward?text=https:\/\/dabrunomarbella.com\/vuelve-la-magia-de-los-70-tributo-a-abba-en-da-bruno-sul-mare-marbella\/\" target=\"_blank\" class=\" wd-social-icon social-viber\" aria-label=\"Enlace social Viber\">\n\t\t\t\t\t\t<span class=\"wd-icon\"><\/span>\n\t\t\t\t\t\t\t\t\t\t\t<\/a>\n\t\t\t\t\n\t\t\t<\/div>\n\n\t\t\t\t\t\t\t\t\t<\/div>\n\t\t\t\t\t\t<\/div>\n\t\t\t\t\t<\/div>\n\t\t\t\t\t\t\t\n\t\t\t\t\t\t\t\t\t\t\t\t<div class=\"entry-content wd-post-desc\">\n\t\t\t\t\t\t\u00bfEst\u00e1s listo para revivir la \u00e9poca dorada del pop? Este pr\u00f3ximo mi\u00e9rcoles 25 de febrero, el escenario de Da Bruno Sul Mare se viste de ...\t\t\t\t\t<\/div>\n\t\t\t\t\n\t\t\t\t\t\t\t\t\t\t\t\t\t\t<p class=\"read-more-section\">\n\t\t\t\t\t\t<a class=\"btn-read-more more-link\" href=\"https:\/\/dabrunomarbella.com\/vuelve-la-magia-de-los-70-tributo-a-abba-en-da-bruno-sul-mare-marbella\/\">Continuar leyendo<\/a>\t\t\t\t\t<\/p>\n\t\t\t\t\t\t\t\t\t\t\t\t\t<\/div>\n\t<\/div>\n<\/article>\n\n\t\t\t\t\t\t\t\t\t\t\t\n<article id=\"post-11135\" class=\"wd-post blog-design-chess blog-post-loop blog-design-small-images blog-style-bg wd-add-shadow wd-col post-11135 post type-post status-publish format-standard has-post-thumbnail hentry category-noticias-da-bruno-marbella category-eventos tag-da-bruno-sul-mare\">\n\t<div class=\"article-inner\">\n\t\t<header class=\"entry-header\">\n\t\t\t\t\t\t\t<figure class=\"entry-thumbnail\">\n\t\t\t\t\t\t\t\t\t\t\t<div class=\"post-img-wrapp\">\n\t\t\t\t\t\t\t<a href=\"https:\/\/dabrunomarbella.com\/tributo-a-elvis-presley-en-da-bruno-sul-mare-con-mark-t-connor\/\">\n\t\t\t\t\t\t\t\t<img width=\"703\" height=\"1024\" src=\"https:\/\/dabrunomarbella.com\/wp-content\/themes\/woodmart\/images\/lazy.svg\" class=\"attachment-large size-large\" alt=\"\" decoding=\"async\" srcset=\"\" sizes=\"(max-width: 703px) 100vw, 703px\" data-src=\"https:\/\/dabrunomarbella.com\/wp-content\/uploads\/2026\/02\/unnamed-10-703x1024.jpg\" data-srcset=\"https:\/\/dabrunomarbella.com\/wp-content\/uploads\/2026\/02\/unnamed-10-703x1024.jpg 703w, https:\/\/dabrunomarbella.com\/wp-content\/uploads\/2026\/02\/unnamed-10-206x300.jpg 206w, https:\/\/dabrunomarbella.com\/wp-content\/uploads\/2026\/02\/unnamed-10-768x1119.jpg 768w, https:\/\/dabrunomarbella.com\/wp-content\/uploads\/2026\/02\/unnamed-10-1055x1536.jpg 1055w, https:\/\/dabrunomarbella.com\/wp-content\/uploads\/2026\/02\/unnamed-10.jpg 1135w\" \/>\t\t\t\t\t\t\t<\/a>\n\t\t\t\t\t\t<\/div>\n\t\t\t\t\t\t<div class=\"post-image-mask\">\n\t\t\t\t\t\t\t<span><\/span>\n\t\t\t\t\t\t<\/div>\n\t\t\t\t\t\t\t\t\t<\/figure>\n\t\t\t\n\t\t\t\t\t\t<div class=\"wd-post-date wd-style-with-bg\">\n\t\t\t\t<span class=\"post-date-day\">\n\t\t\t\t\t12\t\t\t\t<\/span>\n\t\t\t\t<span class=\"post-date-month\">\n\t\t\t\t\tFeb\t\t\t\t<\/span>\n\t\t\t<\/div>\n\t\t\t\t<\/header>\n\n\t\t<div class=\"article-body-container\">\n\t\t\t\t\t\t\t<div class=\"meta-categories-wrapp\">\n\t\t\t\t\t<div class=\"meta-post-categories wd-post-cat wd-style-with-bg\">\n\t\t\t\t\t\t<a href=\"https:\/\/dabrunomarbella.com\/categoria\/noticias-da-bruno-marbella\/\" rel=\"category tag\">Noticias Da Bruno Marbella<\/a>, <a href=\"https:\/\/dabrunomarbella.com\/categoria\/eventos\/\" rel=\"category tag\">Eventos<\/a>\t\t\t\t\t<\/div>\n\t\t\t\t<\/div>\n\t\t\t\n\t\t\t\t\t\t\t<h3 class=\"wd-entities-title title post-title\">\n\t\t\t\t\t<a href=\"https:\/\/dabrunomarbella.com\/tributo-a-elvis-presley-en-da-bruno-sul-mare-con-mark-t-connor\/\" rel=\"bookmark\">Tributo a Elvis Presley en Da Bruno Sul Mare con Mark T. Connor<\/a>\n\t\t\t\t<\/h3>\n\t\t\t\n\t\t\t\t\t\t\t<div class=\"entry-meta wd-entry-meta\">\n\t\t\t\t\t\t\t\t<ul class=\"entry-meta-list\">\n\t\t\t\t\t\t\t\t\t<li class=\"modified-date\">\n\t\t\t\t\t\t\t\t<time class=\"updated\" datetime=\"2026-02-18T08:58:28+01:00\">\n\t\t\t18 de febrero de 2026\t\t<\/time>\n\t\t\t\t\t\t\t<\/li>\n\n\t\t\t\t\t\n\t\t\t\t\t\t\t\t\t\t\t<li class=\"meta-author\">\n\t\t\t\t\t\t\t\t\t\t\t\t<span>Por<\/span>\n\t\t\n\t\t\t\t\t<img alt='author-avatar' src=\"https:\/\/dabrunomarbella.com\/wp-content\/themes\/woodmart\/images\/lazy.svg\" data-src='https:\/\/secure.gravatar.com\/avatar\/f8facb49467ebb7458261b944062a85aef06498c4c7eb70cd7f6a3ed3332e1b3?s=32&#038;d=wavatar&#038;r=g' srcset=\"\" data-srcset='https:\/\/secure.gravatar.com\/avatar\/f8facb49467ebb7458261b944062a85aef06498c4c7eb70cd7f6a3ed3332e1b3?s=64&#038;d=wavatar&#038;r=g 2x' class='avatar avatar-32 photo' height='32' width='32' decoding='async'\/>\t\t\n\t\t<a href=\"https:\/\/dabrunomarbella.com\/autor\/da-bruno\/\" class=\"author\" rel=\"author\">Da Bruno Marbella<\/a>\n\t\t\t\t\t\t\t\t<\/li>\n\t\t\t\t\t\n\t\t\t\t\t\n\t\t\t\t\t\t\t\t\t\t\t<li class=\"meta-reply\">\n\t\t\t\t\t\t\t<a href=\"https:\/\/dabrunomarbella.com\/tributo-a-elvis-presley-en-da-bruno-sul-mare-con-mark-t-connor\/#respond\"><span class=\"replies-count\">0<\/span> <span class=\"replies-count-label\">Comentarios<\/span><\/a>\t\t\t\t\t\t<\/li>\n\t\t\t\t\t\t\t\t\t\t\t\t<\/ul>\n\t\t\t\t\t\t<\/div>\n\t\t\t\t\t\t\t\t\t<div class=\"hovered-social-icons wd-tltp\">\n\t\t\t\t\t\t<div class=\"tooltip top\">\n\t\t\t\t\t\t\t<div class=\"tooltip-arrow\"><\/div>\n\t\t\t\t\t\t\t<div class=\"tooltip-inner\">\n\t\t\t\t\t\t\t\t\t\t\t<div id=\"\" class=\" wd-social-icons wd-style-default wd-size-small social-share wd-shape-circle color-scheme-light text-center\">\n\t\t\t\t\n\t\t\t\t\n\t\t\t\t\t\t\t\t\t<a rel=\"noopener noreferrer nofollow\" href=\"https:\/\/www.facebook.com\/sharer\/sharer.php?u=https:\/\/dabrunomarbella.com\/tributo-a-elvis-presley-en-da-bruno-sul-mare-con-mark-t-connor\/\" target=\"_blank\" class=\" wd-social-icon social-facebook\" aria-label=\"Enlace social Facebook\">\n\t\t\t\t\t\t<span class=\"wd-icon\"><\/span>\n\t\t\t\t\t\t\t\t\t\t\t<\/a>\n\t\t\t\t\n\t\t\t\t\t\t\t\t\t<a rel=\"noopener noreferrer nofollow\" href=\"https:\/\/x.com\/share?url=https:\/\/dabrunomarbella.com\/tributo-a-elvis-presley-en-da-bruno-sul-mare-con-mark-t-connor\/\" target=\"_blank\" class=\" wd-social-icon social-twitter\" aria-label=\"Enlace de la red social X\">\n\t\t\t\t\t\t<span class=\"wd-icon\"><\/span>\n\t\t\t\t\t\t\t\t\t\t\t<\/a>\n\t\t\t\t\n\t\t\t\t\n\t\t\t\t\t\t\t\t\t<a rel=\"noopener noreferrer nofollow\" href=\"mailto:?subject=Comprobar%20este%20https:\/\/dabrunomarbella.com\/tributo-a-elvis-presley-en-da-bruno-sul-mare-con-mark-t-connor\/\" target=\"_blank\" class=\" wd-social-icon social-email\" aria-label=\"Enlace social Email\">\n\t\t\t\t\t\t<span class=\"wd-icon\"><\/span>\n\t\t\t\t\t\t\t\t\t\t\t<\/a>\n\t\t\t\t\n\t\t\t\t\n\t\t\t\t\n\t\t\t\t\n\t\t\t\t\t\t\t\t\t<a rel=\"noopener noreferrer nofollow\" href=\"https:\/\/pinterest.com\/pin\/create\/button\/?url=https:\/\/dabrunomarbella.com\/tributo-a-elvis-presley-en-da-bruno-sul-mare-con-mark-t-connor\/&media=https:\/\/dabrunomarbella.com\/wp-content\/uploads\/2026\/02\/unnamed-10.jpg&description=Tributo+a+Elvis+Presley+en+Da+Bruno+Sul+Mare+con+Mark+T.+Connor\" target=\"_blank\" class=\" wd-social-icon social-pinterest\" aria-label=\"Enlace social Pinterest\">\n\t\t\t\t\t\t<span class=\"wd-icon\"><\/span>\n\t\t\t\t\t\t\t\t\t\t\t<\/a>\n\t\t\t\t\n\t\t\t\t\n\t\t\t\t\t\t\t\t\t<a rel=\"noopener noreferrer nofollow\" href=\"https:\/\/www.linkedin.com\/shareArticle?mini=true&url=https:\/\/dabrunomarbella.com\/tributo-a-elvis-presley-en-da-bruno-sul-mare-con-mark-t-connor\/\" target=\"_blank\" class=\" wd-social-icon social-linkedin\" aria-label=\"Enlace social Linkedin\">\n\t\t\t\t\t\t<span class=\"wd-icon\"><\/span>\n\t\t\t\t\t\t\t\t\t\t\t<\/a>\n\t\t\t\t\n\t\t\t\t\n\t\t\t\t\n\t\t\t\t\n\t\t\t\t\n\t\t\t\t\n\t\t\t\t\n\t\t\t\t\n\t\t\t\t\n\t\t\t\t\t\t\t\t\t<a rel=\"noopener noreferrer nofollow\" href=\"https:\/\/connect.ok.ru\/offer?url=https:\/\/dabrunomarbella.com\/tributo-a-elvis-presley-en-da-bruno-sul-mare-con-mark-t-connor\/\" target=\"_blank\" class=\" wd-social-icon social-ok\" aria-label=\"Enlace social Odnoklassniki\">\n\t\t\t\t\t\t<span class=\"wd-icon\"><\/span>\n\t\t\t\t\t\t\t\t\t\t\t<\/a>\n\t\t\t\t\n\t\t\t\t\t\t\t\t\t<a rel=\"noopener noreferrer nofollow\" href=\"https:\/\/api.whatsapp.com\/send?text=https%3A%2F%2Fdabrunomarbella.com%2Ftributo-a-elvis-presley-en-da-bruno-sul-mare-con-mark-t-connor%2F\" target=\"_blank\" class=\"wd-hide-md  wd-social-icon social-whatsapp\" aria-label=\"Enlace social WhatsApp\">\n\t\t\t\t\t\t<span class=\"wd-icon\"><\/span>\n\t\t\t\t\t\t\t\t\t\t\t<\/a>\n\n\t\t\t\t\t<a rel=\"noopener noreferrer nofollow\" href=\"whatsapp:\/\/send?text=https%3A%2F%2Fdabrunomarbella.com%2Ftributo-a-elvis-presley-en-da-bruno-sul-mare-con-mark-t-connor%2F\" target=\"_blank\" class=\"wd-hide-lg  wd-social-icon social-whatsapp\" aria-label=\"Enlace social WhatsApp\">\n\t\t\t\t\t\t<span class=\"wd-icon\"><\/span>\n\t\t\t\t\t\t\t\t\t\t\t<\/a>\n\t\t\t\t\n\t\t\t\t\t\t\t\t\t<a rel=\"noopener noreferrer nofollow\" href=\"https:\/\/vk.com\/share.php?url=https:\/\/dabrunomarbella.com\/tributo-a-elvis-presley-en-da-bruno-sul-mare-con-mark-t-connor\/&image=https:\/\/dabrunomarbella.com\/wp-content\/uploads\/2026\/02\/unnamed-10.jpg&title=Tributo a Elvis Presley en Da Bruno Sul Mare con Mark T. Connor\" target=\"_blank\" class=\" wd-social-icon social-vk\" aria-label=\"Enlace social VK\">\n\t\t\t\t\t\t<span class=\"wd-icon\"><\/span>\n\t\t\t\t\t\t\t\t\t\t\t<\/a>\n\t\t\t\t\n\t\t\t\t\n\t\t\t\t\n\t\t\t\t\n\t\t\t\t\n\t\t\t\t\t\t\t\t\t<a rel=\"noopener noreferrer nofollow\" href=\"https:\/\/telegram.me\/share\/url?url=https:\/\/dabrunomarbella.com\/tributo-a-elvis-presley-en-da-bruno-sul-mare-con-mark-t-connor\/\" target=\"_blank\" class=\" wd-social-icon social-tg\" aria-label=\"Enlace social Telegram\">\n\t\t\t\t\t\t<span class=\"wd-icon\"><\/span>\n\t\t\t\t\t\t\t\t\t\t\t<\/a>\n\t\t\t\t\n\t\t\t\t\t\t\t\t\t<a rel=\"noopener noreferrer nofollow\" href=\"viber:\/\/forward?text=https:\/\/dabrunomarbella.com\/tributo-a-elvis-presley-en-da-bruno-sul-mare-con-mark-t-connor\/\" target=\"_blank\" class=\" wd-social-icon social-viber\" aria-label=\"Enlace social Viber\">\n\t\t\t\t\t\t<span class=\"wd-icon\"><\/span>\n\t\t\t\t\t\t\t\t\t\t\t<\/a>\n\t\t\t\t\n\t\t\t<\/div>\n\n\t\t\t\t\t\t\t\t\t<\/div>\n\t\t\t\t\t\t<\/div>\n\t\t\t\t\t<\/div>\n\t\t\t\t\t\t\t\n\t\t\t\t\t\t\t\t\t\t\t\t<div class=\"entry-content wd-post-desc\">\n\t\t\t\t\t\tVive una noche de m\u00fasica en vivo junto al mar con Mark T. Connor\n\n\n\n\nRESERVA AQU\u00cd TU MESA\n\n\n\n\nEste mi\u00e9rcoles 18, el restaurante Da Brun...\t\t\t\t\t<\/div>\n\t\t\t\t\n\t\t\t\t\t\t\t\t\t\t\t\t\t\t<p class=\"read-more-section\">\n\t\t\t\t\t\t<a class=\"btn-read-more more-link\" href=\"https:\/\/dabrunomarbella.com\/tributo-a-elvis-presley-en-da-bruno-sul-mare-con-mark-t-connor\/\">Continuar leyendo<\/a>\t\t\t\t\t<\/p>\n\t\t\t\t\t\t\t\t\t\t\t\t\t<\/div>\n\t<\/div>\n<\/article>\n\n\t\t\t\t\t\t\t\t\t\t\t\n<article id=\"post-11049\" class=\"wd-post blog-design-chess blog-post-loop blog-design-small-images blog-style-bg wd-add-shadow wd-col post-11049 post type-post status-publish format-standard has-post-thumbnail hentry category-noticias-da-bruno-marbella tag-da-bruno-a-casa tag-san-valentin\">\n\t<div class=\"article-inner\">\n\t\t<header class=\"entry-header\">\n\t\t\t\t\t\t\t<figure class=\"entry-thumbnail\">\n\t\t\t\t\t\t\t\t\t\t\t<div class=\"post-img-wrapp\">\n\t\t\t\t\t\t\t<a href=\"https:\/\/dabrunomarbella.com\/san-valentin-en-da-bruno-a-casa-celebra-el-amor-este-sabado-14-de-febrero\/\">\n\t\t\t\t\t\t\t\t<img width=\"768\" height=\"1024\" src=\"https:\/\/dabrunomarbella.com\/wp-content\/themes\/woodmart\/images\/lazy.svg\" class=\"attachment-large size-large\" alt=\"\" decoding=\"async\" srcset=\"\" sizes=\"(max-width: 768px) 100vw, 768px\" data-src=\"https:\/\/dabrunomarbella.com\/wp-content\/uploads\/2026\/01\/sanvalentin_dabruno-768x1024.jpg\" data-srcset=\"https:\/\/dabrunomarbella.com\/wp-content\/uploads\/2026\/01\/sanvalentin_dabruno-768x1024.jpg 768w, https:\/\/dabrunomarbella.com\/wp-content\/uploads\/2026\/01\/sanvalentin_dabruno-225x300.jpg 225w, https:\/\/dabrunomarbella.com\/wp-content\/uploads\/2026\/01\/sanvalentin_dabruno.jpg 1080w\" \/>\t\t\t\t\t\t\t<\/a>\n\t\t\t\t\t\t<\/div>\n\t\t\t\t\t\t<div class=\"post-image-mask\">\n\t\t\t\t\t\t\t<span><\/span>\n\t\t\t\t\t\t<\/div>\n\t\t\t\t\t\t\t\t\t<\/figure>\n\t\t\t\n\t\t\t\t\t\t<div class=\"wd-post-date wd-style-with-bg\">\n\t\t\t\t<span class=\"post-date-day\">\n\t\t\t\t\t29\t\t\t\t<\/span>\n\t\t\t\t<span class=\"post-date-month\">\n\t\t\t\t\tEne\t\t\t\t<\/span>\n\t\t\t<\/div>\n\t\t\t\t<\/header>\n\n\t\t<div class=\"article-body-container\">\n\t\t\t\t\t\t\t<div class=\"meta-categories-wrapp\">\n\t\t\t\t\t<div class=\"meta-post-categories wd-post-cat wd-style-with-bg\">\n\t\t\t\t\t\t<a href=\"https:\/\/dabrunomarbella.com\/categoria\/noticias-da-bruno-marbella\/\" rel=\"category tag\">Noticias Da Bruno Marbella<\/a>\t\t\t\t\t<\/div>\n\t\t\t\t<\/div>\n\t\t\t\n\t\t\t\t\t\t\t<h3 class=\"wd-entities-title title post-title\">\n\t\t\t\t\t<a href=\"https:\/\/dabrunomarbella.com\/san-valentin-en-da-bruno-a-casa-celebra-el-amor-este-sabado-14-de-febrero\/\" rel=\"bookmark\">San Valent\u00edn en Da Bruno A Casa: celebra el amor el s\u00e1bado 14 de febrero<\/a>\n\t\t\t\t<\/h3>\n\t\t\t\n\t\t\t\t\t\t\t<div class=\"entry-meta wd-entry-meta\">\n\t\t\t\t\t\t\t\t<ul class=\"entry-meta-list\">\n\t\t\t\t\t\t\t\t\t<li class=\"modified-date\">\n\t\t\t\t\t\t\t\t<time class=\"updated\" datetime=\"2026-01-29T12:55:14+01:00\">\n\t\t\t29 de enero de 2026\t\t<\/time>\n\t\t\t\t\t\t\t<\/li>\n\n\t\t\t\t\t\n\t\t\t\t\t\t\t\t\t\t\t<li class=\"meta-author\">\n\t\t\t\t\t\t\t\t\t\t\t\t<span>Por<\/span>\n\t\t\n\t\t\t\t\t<img alt='author-avatar' src=\"https:\/\/dabrunomarbella.com\/wp-content\/themes\/woodmart\/images\/lazy.svg\" data-src='https:\/\/secure.gravatar.com\/avatar\/f8facb49467ebb7458261b944062a85aef06498c4c7eb70cd7f6a3ed3332e1b3?s=32&#038;d=wavatar&#038;r=g' srcset=\"\" data-srcset='https:\/\/secure.gravatar.com\/avatar\/f8facb49467ebb7458261b944062a85aef06498c4c7eb70cd7f6a3ed3332e1b3?s=64&#038;d=wavatar&#038;r=g 2x' class='avatar avatar-32 photo' height='32' width='32' decoding='async'\/>\t\t\n\t\t<a href=\"https:\/\/dabrunomarbella.com\/autor\/da-bruno\/\" class=\"author\" rel=\"author\">Da Bruno Marbella<\/a>\n\t\t\t\t\t\t\t\t<\/li>\n\t\t\t\t\t\n\t\t\t\t\t\n\t\t\t\t\t\t\t\t\t\t\t<li class=\"meta-reply\">\n\t\t\t\t\t\t\t<a href=\"https:\/\/dabrunomarbella.com\/san-valentin-en-da-bruno-a-casa-celebra-el-amor-este-sabado-14-de-febrero\/#respond\"><span class=\"replies-count\">0<\/span> <span class=\"replies-count-label\">Comentarios<\/span><\/a>\t\t\t\t\t\t<\/li>\n\t\t\t\t\t\t\t\t\t\t\t\t<\/ul>\n\t\t\t\t\t\t<\/div>\n\t\t\t\t\t\t\t\t\t<div class=\"hovered-social-icons wd-tltp\">\n\t\t\t\t\t\t<div class=\"tooltip top\">\n\t\t\t\t\t\t\t<div class=\"tooltip-arrow\"><\/div>\n\t\t\t\t\t\t\t<div class=\"tooltip-inner\">\n\t\t\t\t\t\t\t\t\t\t\t<div id=\"\" class=\" wd-social-icons wd-style-default wd-size-small social-share wd-shape-circle color-scheme-light text-center\">\n\t\t\t\t\n\t\t\t\t\n\t\t\t\t\t\t\t\t\t<a rel=\"noopener noreferrer nofollow\" href=\"https:\/\/www.facebook.com\/sharer\/sharer.php?u=https:\/\/dabrunomarbella.com\/san-valentin-en-da-bruno-a-casa-celebra-el-amor-este-sabado-14-de-febrero\/\" target=\"_blank\" class=\" wd-social-icon social-facebook\" aria-label=\"Enlace social Facebook\">\n\t\t\t\t\t\t<span class=\"wd-icon\"><\/span>\n\t\t\t\t\t\t\t\t\t\t\t<\/a>\n\t\t\t\t\n\t\t\t\t\t\t\t\t\t<a rel=\"noopener noreferrer nofollow\" href=\"https:\/\/x.com\/share?url=https:\/\/dabrunomarbella.com\/san-valentin-en-da-bruno-a-casa-celebra-el-amor-este-sabado-14-de-febrero\/\" target=\"_blank\" class=\" wd-social-icon social-twitter\" aria-label=\"Enlace de la red social X\">\n\t\t\t\t\t\t<span class=\"wd-icon\"><\/span>\n\t\t\t\t\t\t\t\t\t\t\t<\/a>\n\t\t\t\t\n\t\t\t\t\n\t\t\t\t\t\t\t\t\t<a rel=\"noopener noreferrer nofollow\" href=\"mailto:?subject=Comprobar%20este%20https:\/\/dabrunomarbella.com\/san-valentin-en-da-bruno-a-casa-celebra-el-amor-este-sabado-14-de-febrero\/\" target=\"_blank\" class=\" wd-social-icon social-email\" aria-label=\"Enlace social Email\">\n\t\t\t\t\t\t<span class=\"wd-icon\"><\/span>\n\t\t\t\t\t\t\t\t\t\t\t<\/a>\n\t\t\t\t\n\t\t\t\t\n\t\t\t\t\n\t\t\t\t\n\t\t\t\t\t\t\t\t\t<a rel=\"noopener noreferrer nofollow\" href=\"https:\/\/pinterest.com\/pin\/create\/button\/?url=https:\/\/dabrunomarbella.com\/san-valentin-en-da-bruno-a-casa-celebra-el-amor-este-sabado-14-de-febrero\/&media=https:\/\/dabrunomarbella.com\/wp-content\/uploads\/2026\/01\/sanvalentin_dabruno.jpg&description=San+Valent%C3%ADn+en+Da+Bruno+A+Casa%3A+celebra+el+amor+el+s%C3%A1bado+14+de+febrero\" target=\"_blank\" class=\" wd-social-icon social-pinterest\" aria-label=\"Enlace social Pinterest\">\n\t\t\t\t\t\t<span class=\"wd-icon\"><\/span>\n\t\t\t\t\t\t\t\t\t\t\t<\/a>\n\t\t\t\t\n\t\t\t\t\n\t\t\t\t\t\t\t\t\t<a rel=\"noopener noreferrer nofollow\" href=\"https:\/\/www.linkedin.com\/shareArticle?mini=true&url=https:\/\/dabrunomarbella.com\/san-valentin-en-da-bruno-a-casa-celebra-el-amor-este-sabado-14-de-febrero\/\" target=\"_blank\" class=\" wd-social-icon social-linkedin\" aria-label=\"Enlace social Linkedin\">\n\t\t\t\t\t\t<span class=\"wd-icon\"><\/span>\n\t\t\t\t\t\t\t\t\t\t\t<\/a>\n\t\t\t\t\n\t\t\t\t\n\t\t\t\t\n\t\t\t\t\n\t\t\t\t\n\t\t\t\t\n\t\t\t\t\n\t\t\t\t\n\t\t\t\t\n\t\t\t\t\t\t\t\t\t<a rel=\"noopener noreferrer nofollow\" href=\"https:\/\/connect.ok.ru\/offer?url=https:\/\/dabrunomarbella.com\/san-valentin-en-da-bruno-a-casa-celebra-el-amor-este-sabado-14-de-febrero\/\" target=\"_blank\" class=\" wd-social-icon social-ok\" aria-label=\"Enlace social Odnoklassniki\">\n\t\t\t\t\t\t<span class=\"wd-icon\"><\/span>\n\t\t\t\t\t\t\t\t\t\t\t<\/a>\n\t\t\t\t\n\t\t\t\t\t\t\t\t\t<a rel=\"noopener noreferrer nofollow\" href=\"https:\/\/api.whatsapp.com\/send?text=https%3A%2F%2Fdabrunomarbella.com%2Fsan-valentin-en-da-bruno-a-casa-celebra-el-amor-este-sabado-14-de-febrero%2F\" target=\"_blank\" class=\"wd-hide-md  wd-social-icon social-whatsapp\" aria-label=\"Enlace social WhatsApp\">\n\t\t\t\t\t\t<span class=\"wd-icon\"><\/span>\n\t\t\t\t\t\t\t\t\t\t\t<\/a>\n\n\t\t\t\t\t<a rel=\"noopener noreferrer nofollow\" href=\"whatsapp:\/\/send?text=https%3A%2F%2Fdabrunomarbella.com%2Fsan-valentin-en-da-bruno-a-casa-celebra-el-amor-este-sabado-14-de-febrero%2F\" target=\"_blank\" class=\"wd-hide-lg  wd-social-icon social-whatsapp\" aria-label=\"Enlace social WhatsApp\">\n\t\t\t\t\t\t<span class=\"wd-icon\"><\/span>\n\t\t\t\t\t\t\t\t\t\t\t<\/a>\n\t\t\t\t\n\t\t\t\t\t\t\t\t\t<a rel=\"noopener noreferrer nofollow\" href=\"https:\/\/vk.com\/share.php?url=https:\/\/dabrunomarbella.com\/san-valentin-en-da-bruno-a-casa-celebra-el-amor-este-sabado-14-de-febrero\/&image=https:\/\/dabrunomarbella.com\/wp-content\/uploads\/2026\/01\/sanvalentin_dabruno.jpg&title=San Valent\u00edn en Da Bruno A Casa: celebra el amor el s\u00e1bado 14 de febrero\" target=\"_blank\" class=\" wd-social-icon social-vk\" aria-label=\"Enlace social VK\">\n\t\t\t\t\t\t<span class=\"wd-icon\"><\/span>\n\t\t\t\t\t\t\t\t\t\t\t<\/a>\n\t\t\t\t\n\t\t\t\t\n\t\t\t\t\n\t\t\t\t\n\t\t\t\t\n\t\t\t\t\t\t\t\t\t<a rel=\"noopener noreferrer nofollow\" href=\"https:\/\/telegram.me\/share\/url?url=https:\/\/dabrunomarbella.com\/san-valentin-en-da-bruno-a-casa-celebra-el-amor-este-sabado-14-de-febrero\/\" target=\"_blank\" class=\" wd-social-icon social-tg\" aria-label=\"Enlace social Telegram\">\n\t\t\t\t\t\t<span class=\"wd-icon\"><\/span>\n\t\t\t\t\t\t\t\t\t\t\t<\/a>\n\t\t\t\t\n\t\t\t\t\t\t\t\t\t<a rel=\"noopener noreferrer nofollow\" href=\"viber:\/\/forward?text=https:\/\/dabrunomarbella.com\/san-valentin-en-da-bruno-a-casa-celebra-el-amor-este-sabado-14-de-febrero\/\" target=\"_blank\" class=\" wd-social-icon social-viber\" aria-label=\"Enlace social Viber\">\n\t\t\t\t\t\t<span class=\"wd-icon\"><\/span>\n\t\t\t\t\t\t\t\t\t\t\t<\/a>\n\t\t\t\t\n\t\t\t<\/div>\n\n\t\t\t\t\t\t\t\t\t<\/div>\n\t\t\t\t\t\t<\/div>\n\t\t\t\t\t<\/div>\n\t\t\t\t\t\t\t\n\t\t\t\t\t\t\t\t\t\t\t\t<div class=\"entry-content wd-post-desc\">\n\t\t\t\t\t\tEl amor se celebra en muchas formas: en pareja, con la familia, con amigos o simplemente disfrutando de una buena comida en un ambiente...\t\t\t\t\t<\/div>\n\t\t\t\t\n\t\t\t\t\t\t\t\t\t\t\t\t\t\t<p class=\"read-more-section\">\n\t\t\t\t\t\t<a class=\"btn-read-more more-link\" href=\"https:\/\/dabrunomarbella.com\/san-valentin-en-da-bruno-a-casa-celebra-el-amor-este-sabado-14-de-febrero\/\">Continuar leyendo<\/a>\t\t\t\t\t<\/p>\n\t\t\t\t\t\t\t\t\t\t\t\t\t<\/div>\n\t<\/div>\n<\/article>\n\n\t\t\t\t\t\t\t\t\t\t\t\n<article id=\"post-11033\" class=\"wd-post blog-design-chess blog-post-loop blog-design-small-images blog-style-bg wd-add-shadow wd-col post-11033 post type-post status-publish format-standard has-post-thumbnail hentry category-noticias-da-bruno-marbella category-sin-categoria-2 tag-da-bruno-sul-mare tag-marbella tag-san-valentin\">\n\t<div class=\"article-inner\">\n\t\t<header class=\"entry-header\">\n\t\t\t\t\t\t\t<figure class=\"entry-thumbnail\">\n\t\t\t\t\t\t\t\t\t\t\t<div class=\"post-img-wrapp\">\n\t\t\t\t\t\t\t<a href=\"https:\/\/dabrunomarbella.com\/celebra-el-amor-el-sabado-14-de-febrero-en-da-bruno-sul-mare\/\">\n\t\t\t\t\t\t\t\t<img width=\"1024\" height=\"683\" src=\"https:\/\/dabrunomarbella.com\/wp-content\/themes\/woodmart\/images\/lazy.svg\" class=\"attachment-large size-large\" alt=\"\" decoding=\"async\" srcset=\"\" sizes=\"(max-width: 1024px) 100vw, 1024px\" data-src=\"https:\/\/dabrunomarbella.com\/wp-content\/uploads\/2026\/01\/sanvalentin_db-1024x683.jpg\" data-srcset=\"https:\/\/dabrunomarbella.com\/wp-content\/uploads\/2026\/01\/sanvalentin_db-1024x683.jpg 1024w, https:\/\/dabrunomarbella.com\/wp-content\/uploads\/2026\/01\/sanvalentin_db-300x200.jpg 300w, https:\/\/dabrunomarbella.com\/wp-content\/uploads\/2026\/01\/sanvalentin_db-768x512.jpg 768w, https:\/\/dabrunomarbella.com\/wp-content\/uploads\/2026\/01\/sanvalentin_db-1536x1025.jpg 1536w, https:\/\/dabrunomarbella.com\/wp-content\/uploads\/2026\/01\/sanvalentin_db.jpg 2048w\" \/>\t\t\t\t\t\t\t<\/a>\n\t\t\t\t\t\t<\/div>\n\t\t\t\t\t\t<div class=\"post-image-mask\">\n\t\t\t\t\t\t\t<span><\/span>\n\t\t\t\t\t\t<\/div>\n\t\t\t\t\t\t\t\t\t<\/figure>\n\t\t\t\n\t\t\t\t\t\t<div class=\"wd-post-date wd-style-with-bg\">\n\t\t\t\t<span class=\"post-date-day\">\n\t\t\t\t\t27\t\t\t\t<\/span>\n\t\t\t\t<span class=\"post-date-month\">\n\t\t\t\t\tEne\t\t\t\t<\/span>\n\t\t\t<\/div>\n\t\t\t\t<\/header>\n\n\t\t<div class=\"article-body-container\">\n\t\t\t\t\t\t\t<div class=\"meta-categories-wrapp\">\n\t\t\t\t\t<div class=\"meta-post-categories wd-post-cat wd-style-with-bg\">\n\t\t\t\t\t\t<a href=\"https:\/\/dabrunomarbella.com\/categoria\/noticias-da-bruno-marbella\/\" rel=\"category tag\">Noticias Da Bruno Marbella<\/a>, <a href=\"https:\/\/dabrunomarbella.com\/categoria\/sin-categoria-2\/\" rel=\"category tag\">Sin categor\u00eda<\/a>\t\t\t\t\t<\/div>\n\t\t\t\t<\/div>\n\t\t\t\n\t\t\t\t\t\t\t<h3 class=\"wd-entities-title title post-title\">\n\t\t\t\t\t<a href=\"https:\/\/dabrunomarbella.com\/celebra-el-amor-el-sabado-14-de-febrero-en-da-bruno-sul-mare\/\" rel=\"bookmark\">Celebra el amor el s\u00e1bado 14 de febrero en Da Bruno Sul Mare<\/a>\n\t\t\t\t<\/h3>\n\t\t\t\n\t\t\t\t\t\t\t<div class=\"entry-meta wd-entry-meta\">\n\t\t\t\t\t\t\t\t<ul class=\"entry-meta-list\">\n\t\t\t\t\t\t\t\t\t<li class=\"modified-date\">\n\t\t\t\t\t\t\t\t<time class=\"updated\" datetime=\"2026-01-29T12:40:45+01:00\">\n\t\t\t29 de enero de 2026\t\t<\/time>\n\t\t\t\t\t\t\t<\/li>\n\n\t\t\t\t\t\n\t\t\t\t\t\t\t\t\t\t\t<li class=\"meta-author\">\n\t\t\t\t\t\t\t\t\t\t\t\t<span>Por<\/span>\n\t\t\n\t\t\t\t\t<img alt='author-avatar' src=\"https:\/\/dabrunomarbella.com\/wp-content\/themes\/woodmart\/images\/lazy.svg\" data-src='https:\/\/secure.gravatar.com\/avatar\/f8facb49467ebb7458261b944062a85aef06498c4c7eb70cd7f6a3ed3332e1b3?s=32&#038;d=wavatar&#038;r=g' srcset=\"\" data-srcset='https:\/\/secure.gravatar.com\/avatar\/f8facb49467ebb7458261b944062a85aef06498c4c7eb70cd7f6a3ed3332e1b3?s=64&#038;d=wavatar&#038;r=g 2x' class='avatar avatar-32 photo' height='32' width='32' decoding='async'\/>\t\t\n\t\t<a href=\"https:\/\/dabrunomarbella.com\/autor\/da-bruno\/\" class=\"author\" rel=\"author\">Da Bruno Marbella<\/a>\n\t\t\t\t\t\t\t\t<\/li>\n\t\t\t\t\t\n\t\t\t\t\t\n\t\t\t\t\t\t\t\t\t\t\t<li class=\"meta-reply\">\n\t\t\t\t\t\t\t<a href=\"https:\/\/dabrunomarbella.com\/celebra-el-amor-el-sabado-14-de-febrero-en-da-bruno-sul-mare\/#respond\"><span class=\"replies-count\">0<\/span> <span class=\"replies-count-label\">Comentarios<\/span><\/a>\t\t\t\t\t\t<\/li>\n\t\t\t\t\t\t\t\t\t\t\t\t<\/ul>\n\t\t\t\t\t\t<\/div>\n\t\t\t\t\t\t\t\t\t<div class=\"hovered-social-icons wd-tltp\">\n\t\t\t\t\t\t<div class=\"tooltip top\">\n\t\t\t\t\t\t\t<div class=\"tooltip-arrow\"><\/div>\n\t\t\t\t\t\t\t<div class=\"tooltip-inner\">\n\t\t\t\t\t\t\t\t\t\t\t<div id=\"\" class=\" wd-social-icons wd-style-default wd-size-small social-share wd-shape-circle color-scheme-light text-center\">\n\t\t\t\t\n\t\t\t\t\n\t\t\t\t\t\t\t\t\t<a rel=\"noopener noreferrer nofollow\" href=\"https:\/\/www.facebook.com\/sharer\/sharer.php?u=https:\/\/dabrunomarbella.com\/celebra-el-amor-el-sabado-14-de-febrero-en-da-bruno-sul-mare\/\" target=\"_blank\" class=\" wd-social-icon social-facebook\" aria-label=\"Enlace social Facebook\">\n\t\t\t\t\t\t<span class=\"wd-icon\"><\/span>\n\t\t\t\t\t\t\t\t\t\t\t<\/a>\n\t\t\t\t\n\t\t\t\t\t\t\t\t\t<a rel=\"noopener noreferrer nofollow\" href=\"https:\/\/x.com\/share?url=https:\/\/dabrunomarbella.com\/celebra-el-amor-el-sabado-14-de-febrero-en-da-bruno-sul-mare\/\" target=\"_blank\" class=\" wd-social-icon social-twitter\" aria-label=\"Enlace de la red social X\">\n\t\t\t\t\t\t<span class=\"wd-icon\"><\/span>\n\t\t\t\t\t\t\t\t\t\t\t<\/a>\n\t\t\t\t\n\t\t\t\t\n\t\t\t\t\t\t\t\t\t<a rel=\"noopener noreferrer nofollow\" href=\"mailto:?subject=Comprobar%20este%20https:\/\/dabrunomarbella.com\/celebra-el-amor-el-sabado-14-de-febrero-en-da-bruno-sul-mare\/\" target=\"_blank\" class=\" wd-social-icon social-email\" aria-label=\"Enlace social Email\">\n\t\t\t\t\t\t<span class=\"wd-icon\"><\/span>\n\t\t\t\t\t\t\t\t\t\t\t<\/a>\n\t\t\t\t\n\t\t\t\t\n\t\t\t\t\n\t\t\t\t\n\t\t\t\t\t\t\t\t\t<a rel=\"noopener noreferrer nofollow\" href=\"https:\/\/pinterest.com\/pin\/create\/button\/?url=https:\/\/dabrunomarbella.com\/celebra-el-amor-el-sabado-14-de-febrero-en-da-bruno-sul-mare\/&media=https:\/\/dabrunomarbella.com\/wp-content\/uploads\/2026\/01\/sanvalentin_db.jpg&description=Celebra+el+amor+el+s%C3%A1bado+14+de+febrero+en+Da+Bruno+Sul+Mare\" target=\"_blank\" class=\" wd-social-icon social-pinterest\" aria-label=\"Enlace social Pinterest\">\n\t\t\t\t\t\t<span class=\"wd-icon\"><\/span>\n\t\t\t\t\t\t\t\t\t\t\t<\/a>\n\t\t\t\t\n\t\t\t\t\n\t\t\t\t\t\t\t\t\t<a rel=\"noopener noreferrer nofollow\" href=\"https:\/\/www.linkedin.com\/shareArticle?mini=true&url=https:\/\/dabrunomarbella.com\/celebra-el-amor-el-sabado-14-de-febrero-en-da-bruno-sul-mare\/\" target=\"_blank\" class=\" wd-social-icon social-linkedin\" aria-label=\"Enlace social Linkedin\">\n\t\t\t\t\t\t<span class=\"wd-icon\"><\/span>\n\t\t\t\t\t\t\t\t\t\t\t<\/a>\n\t\t\t\t\n\t\t\t\t\n\t\t\t\t\n\t\t\t\t\n\t\t\t\t\n\t\t\t\t\n\t\t\t\t\n\t\t\t\t\n\t\t\t\t\n\t\t\t\t\t\t\t\t\t<a rel=\"noopener noreferrer nofollow\" href=\"https:\/\/connect.ok.ru\/offer?url=https:\/\/dabrunomarbella.com\/celebra-el-amor-el-sabado-14-de-febrero-en-da-bruno-sul-mare\/\" target=\"_blank\" class=\" wd-social-icon social-ok\" aria-label=\"Enlace social Odnoklassniki\">\n\t\t\t\t\t\t<span class=\"wd-icon\"><\/span>\n\t\t\t\t\t\t\t\t\t\t\t<\/a>\n\t\t\t\t\n\t\t\t\t\t\t\t\t\t<a rel=\"noopener noreferrer nofollow\" href=\"https:\/\/api.whatsapp.com\/send?text=https%3A%2F%2Fdabrunomarbella.com%2Fcelebra-el-amor-el-sabado-14-de-febrero-en-da-bruno-sul-mare%2F\" target=\"_blank\" class=\"wd-hide-md  wd-social-icon social-whatsapp\" aria-label=\"Enlace social WhatsApp\">\n\t\t\t\t\t\t<span class=\"wd-icon\"><\/span>\n\t\t\t\t\t\t\t\t\t\t\t<\/a>\n\n\t\t\t\t\t<a rel=\"noopener noreferrer nofollow\" href=\"whatsapp:\/\/send?text=https%3A%2F%2Fdabrunomarbella.com%2Fcelebra-el-amor-el-sabado-14-de-febrero-en-da-bruno-sul-mare%2F\" target=\"_blank\" class=\"wd-hide-lg  wd-social-icon social-whatsapp\" aria-label=\"Enlace social WhatsApp\">\n\t\t\t\t\t\t<span class=\"wd-icon\"><\/span>\n\t\t\t\t\t\t\t\t\t\t\t<\/a>\n\t\t\t\t\n\t\t\t\t\t\t\t\t\t<a rel=\"noopener noreferrer nofollow\" href=\"https:\/\/vk.com\/share.php?url=https:\/\/dabrunomarbella.com\/celebra-el-amor-el-sabado-14-de-febrero-en-da-bruno-sul-mare\/&image=https:\/\/dabrunomarbella.com\/wp-content\/uploads\/2026\/01\/sanvalentin_db.jpg&title=Celebra el amor el s\u00e1bado 14 de febrero en Da Bruno Sul Mare\" target=\"_blank\" class=\" wd-social-icon social-vk\" aria-label=\"Enlace social VK\">\n\t\t\t\t\t\t<span class=\"wd-icon\"><\/span>\n\t\t\t\t\t\t\t\t\t\t\t<\/a>\n\t\t\t\t\n\t\t\t\t\n\t\t\t\t\n\t\t\t\t\n\t\t\t\t\n\t\t\t\t\t\t\t\t\t<a rel=\"noopener noreferrer nofollow\" href=\"https:\/\/telegram.me\/share\/url?url=https:\/\/dabrunomarbella.com\/celebra-el-amor-el-sabado-14-de-febrero-en-da-bruno-sul-mare\/\" target=\"_blank\" class=\" wd-social-icon social-tg\" aria-label=\"Enlace social Telegram\">\n\t\t\t\t\t\t<span class=\"wd-icon\"><\/span>\n\t\t\t\t\t\t\t\t\t\t\t<\/a>\n\t\t\t\t\n\t\t\t\t\t\t\t\t\t<a rel=\"noopener noreferrer nofollow\" href=\"viber:\/\/forward?text=https:\/\/dabrunomarbella.com\/celebra-el-amor-el-sabado-14-de-febrero-en-da-bruno-sul-mare\/\" target=\"_blank\" class=\" wd-social-icon social-viber\" aria-label=\"Enlace social Viber\">\n\t\t\t\t\t\t<span class=\"wd-icon\"><\/span>\n\t\t\t\t\t\t\t\t\t\t\t<\/a>\n\t\t\t\t\n\t\t\t<\/div>\n\n\t\t\t\t\t\t\t\t\t<\/div>\n\t\t\t\t\t\t<\/div>\n\t\t\t\t\t<\/div>\n\t\t\t\t\t\t\t\n\t\t\t\t\t\t\t\t\t\t\t\t<div class=\"entry-content wd-post-desc\">\n\t\t\t\t\t\tEl amor se celebra de muchas formas: en pareja, en familia, con amigos o simplemente brindando por la vida. Este s\u00e1bado 14 de febrero, ...\t\t\t\t\t<\/div>\n\t\t\t\t\n\t\t\t\t\t\t\t\t\t\t\t\t\t\t<p class=\"read-more-section\">\n\t\t\t\t\t\t<a class=\"btn-read-more more-link\" href=\"https:\/\/dabrunomarbella.com\/celebra-el-amor-el-sabado-14-de-febrero-en-da-bruno-sul-mare\/\">Continuar leyendo<\/a>\t\t\t\t\t<\/p>\n\t\t\t\t\t\t\t\t\t\t\t\t\t<\/div>\n\t<\/div>\n<\/article>\n\n\t\t\t\t\t\n\t\t\t\t\t","status":"no-more-posts","nextPage":"?woo_ajax=1","currentPage":"https:\/\/dabrunomarbella.com\/categoria\/noticias-da-bruno-marbella\/page\/2"}